{"id":5000,"date":"2023-10-09T13:08:04","date_gmt":"2023-10-09T13:08:04","guid":{"rendered":"http:\/\/xmm-ssc.irap.omp.eu\/xmm2athena\/?p=5000"},"modified":"2023-10-26T10:50:37","modified_gmt":"2023-10-26T10:50:37","slug":"participacion-en-la-fiesta-de-la-ciencia-fete-de-la-science-en-el-irap-conferencias-y-eventos-cientificos-para-el-publico","status":"publish","type":"post","link":"http:\/\/xmm-ssc.irap.omp.eu\/xmm2athena\/es\/2023\/10\/09\/participacion-en-la-fiesta-de-la-ciencia-fete-de-la-science-en-el-irap-conferencias-y-eventos-cientificos-para-el-publico\/","title":{"rendered":"Participaci\u00f3n en la fiesta de la ciencia (F\u00eate de la Science) en el IRAP: conferencias y eventos cient\u00edficos para el p\u00fablico"},"content":{"rendered":"\n[09 octubre 2023]\n\n\n\n<p class=\"has-black-color has-text-color\">OnLos d\u00edas 13 y 14 de octubre, en el marco de la <a rel=\"noreferrer noopener\" href=\"https:\/\/www.fetedelascience.fr\/\" target=\"_blank\">Fiesta de la Ciencia<\/a>, el <a rel=\"noreferrer noopener\" href=\"https:\/\/www.irap.omp.eu\/\" target=\"_blank\">IRAP<\/a> organiza sus <a rel=\"noreferrer noopener\" href=\"https:\/\/www.irap.omp.eu\/grand-public\/evenements\/journee-portes-ouvertes-2023\/\" target=\"_blank\">Jornadas de Puertas Abiertas<\/a>, que tendr\u00e1n lugar en dos etapas:<\/p>\n\n\n\n<ul class=\"has-black-color has-text-color\"><li>El viernes 13 de octubre se organiza en colaboraci\u00f3n con el <a href=\"https:\/\/www.omp.eu\/\" target=\"_blank\" rel=\"noreferrer noopener\">Observatorio Midi-Pyr\u00e9n\u00e9es<\/a> y estar\u00e1 dedicado a la bienvenida de los escolares. Tras una introducci\u00f3n a cargo de la direcci\u00f3n del Observatorio, los alumnos de secundaria de Castres (81) trabajar\u00e1n en peque\u00f1os grupos para descubrir temas como los terremotos, la formaci\u00f3n del agua y las mol\u00e9culas en el espacio, los exoplanetas, la realidad virtual en Marte y la reconstrucci\u00f3n de un aut\u00e9ntico traje espacial lunar.<\/li><li>Los s\u00e1bados, el IRAP abre sus puertas al p\u00fablico en general (edad m\u00ednima recomendada: 6 a\u00f1os). El objetivo es ayudar a los j\u00f3venes a descubrir los temas y proyectos del IRAP e inspirarles para que emprendan una carrera en este campo. El <a href=\"https:\/\/www.irap.omp.eu\/grand-public\/evenements\/journee-portes-ouvertes-2023\/\" target=\"_blank\" rel=\"noreferrer noopener\">programa<\/a> del d\u00eda incluye talleres y conferencias.<\/li><\/ul>\n\n\n\n<div class=\"wp-block-image\"><figure class=\"aligncenter size-full\"><img loading=\"lazy\" width=\"866\" height=\"554\" src=\"http:\/\/xmm-ssc.irap.omp.eu\/xmm2athena\/wp-content\/uploads\/2023\/10\/Programme-JPO-2023.jpg\" alt=\"\" class=\"wp-image-4993\" srcset=\"http:\/\/xmm-ssc.irap.omp.eu\/xmm2athena\/wp-content\/uploads\/2023\/10\/Programme-JPO-2023.jpg 866w, http:\/\/xmm-ssc.irap.omp.eu\/xmm2athena\/wp-content\/uploads\/2023\/10\/Programme-JPO-2023-300x192.jpg 300w, http:\/\/xmm-ssc.irap.omp.eu\/xmm2athena\/wp-content\/uploads\/2023\/10\/Programme-JPO-2023-768x491.jpg 768w\" sizes=\"(max-width: 866px) 100vw, 866px\" \/><\/figure><\/div>\n\n\n\n<p class=\"has-black-color has-text-color\">Durante estos d\u00edas, habr\u00e1 presentaciones de cient\u00edficos relacionadas con el tema del proyecto XMM2ATHENA:<\/p>\n\n\n\n<ul class=\"has-black-color has-text-color\"><li><strong><a rel=\"noreferrer noopener\" href=\"http:\/\/xmm-ssc.irap.omp.eu\/xmm2athena\/wp-content\/uploads\/2021\/07\/Natalie-1.pdf\" target=\"_blank\">Natalie WEBB<\/a><\/strong>, investigadora principal de XMM2ATHENA, pronunciar\u00e1 una conferencia titulada \u00ab\u00a0Las Olimpiadas de las estrellas: \u00bfcu\u00e1les son las m\u00e1s r\u00e1pidas, las m\u00e1s fuertes o las m\u00e1s brillantes?<\/li><\/ul>\n\n\n\n<div class=\"wp-block-columns\">\n<div class=\"wp-block-column\">\n<figure class=\"wp-block-image size-full\"><img loading=\"lazy\" width=\"591\" height=\"443\" src=\"http:\/\/xmm-ssc.irap.omp.eu\/xmm2athena\/wp-content\/uploads\/2022\/10\/DSC05176-small.jpg\" alt=\"\" class=\"wp-image-3754\" srcset=\"http:\/\/xmm-ssc.irap.omp.eu\/xmm2athena\/wp-content\/uploads\/2022\/10\/DSC05176-small.jpg 591w, http:\/\/xmm-ssc.irap.omp.eu\/xmm2athena\/wp-content\/uploads\/2022\/10\/DSC05176-small-300x225.jpg 300w\" sizes=\"(max-width: 591px) 100vw, 591px\" \/><\/figure>\n<\/div>\n\n\n\n<div class=\"wp-block-column\">\n<figure class=\"wp-block-image size-full\"><img loading=\"lazy\" width=\"591\" height=\"443\" src=\"http:\/\/xmm-ssc.irap.omp.eu\/xmm2athena\/wp-content\/uploads\/2022\/10\/DSC05178-small.jpg\" alt=\"\" class=\"wp-image-3755\" srcset=\"http:\/\/xmm-ssc.irap.omp.eu\/xmm2athena\/wp-content\/uploads\/2022\/10\/DSC05178-small.jpg 591w, http:\/\/xmm-ssc.irap.omp.eu\/xmm2athena\/wp-content\/uploads\/2022\/10\/DSC05178-small-300x225.jpg 300w\" sizes=\"(max-width: 591px) 100vw, 591px\" \/><\/figure>\n<\/div>\n<\/div>\n\n\n\n<ul class=\"has-black-color has-text-color\"><li><a rel=\"noreferrer noopener\" href=\"http:\/\/userpages.irap.omp.eu\/~dbarret\/\" target=\"_blank\"><strong>Didier Barret<\/strong><\/a> tambi\u00e9n dar\u00e1 una charla sobre un tema que nos afecta a todos: \u00ab\u00a0Del big bang al calentamiento global: la humilde perspectiva de un astrof\u00edsico\u00a0\u00bb.<\/li><li><strong>Alain Blanchard<\/strong>, nos hablar\u00e1 de \u00ab\u00a0La b\u00fasqueda de los componentes oscuros del Universo\u00a0\u00bb.<\/li><li>Por \u00faltimo, podr\u00e1 inscribirse en un taller basado en el proyecto Cherenkov Telescope Array (CTA): \u00ab\u00a0El proyecto CTA: peque\u00f1os destellos en el cielo para observar agujeros negros\u00a0\u00bb. Estar\u00e1 dirigido por <strong>Jean-Fran\u00e7ois Olive<\/strong>, <strong>Victoria Touzard<\/strong> et <strong>Adellain Tsiahina<\/strong><\/li><\/ul>\n\n\n\n<p class=\"has-black-color has-text-color\">Los res\u00famenes de estas conferencias y talleres est\u00e1n disponibles en el sitio web del IRAP:<br><a rel=\"noreferrer noopener\" href=\"https:\/\/www.irap.omp.eu\/grand-public\/evenements\/journee-portes-ouvertes-2023\/\" target=\"_blank\">https:\/\/www.irap.omp.eu\/grand-public\/evenements\/journee-portes-ouvertes-2023\/<\/a><\/p>\n\n\n\n<p class=\"has-black-color has-text-color\">Esperamos que entre 400 y 500 personas asistan a los distintos talleres y conferencias a lo largo del d\u00eda.<\/p>\n","protected":false},"excerpt":{"rendered":"<p>[09 octubre 2023] OnLos d\u00edas 13 y 14 de octubre, en el marco de la Fiesta de la Ciencia, el IRAP organiza sus Jornadas de Puertas Abiertas, que tendr\u00e1n lugar en dos etapas: El viernes 13 de octubre se organiza en colaboraci\u00f3n con el Observatorio Midi-Pyr\u00e9n\u00e9es y estar\u00e1 dedicado a la bienvenida de los escolares.&hellip; <br \/> <a class=\"read-more\" href=\"http:\/\/xmm-ssc.irap.omp.eu\/xmm2athena\/es\/2023\/10\/09\/participacion-en-la-fiesta-de-la-ciencia-fete-de-la-science-en-el-irap-conferencias-y-eventos-cientificos-para-el-publico\/\">Lire la suite<\/a><\/p>\n","protected":false},"author":5,"featured_media":3893,"comment_status":"open","ping_status":"open","sticky":false,"template":"","format":"standard","meta":{"_eb_attr":"","_mi_skip_tracking":false,"_monsterinsights_sitenote_active":false,"_monsterinsights_sitenote_note":"","_monsterinsights_sitenote_category":0},"categories":[64],"tags":[],"_links":{"self":[{"href":"http:\/\/xmm-ssc.irap.omp.eu\/xmm2athena\/wp-json\/wp\/v2\/posts\/5000"}],"collection":[{"href":"http:\/\/xmm-ssc.irap.omp.eu\/xmm2athena\/wp-json\/wp\/v2\/posts"}],"about":[{"href":"http:\/\/xmm-ssc.irap.omp.eu\/xmm2athena\/wp-json\/wp\/v2\/types\/post"}],"author":[{"embeddable":true,"href":"http:\/\/xmm-ssc.irap.omp.eu\/xmm2athena\/wp-json\/wp\/v2\/users\/5"}],"replies":[{"embeddable":true,"href":"http:\/\/xmm-ssc.irap.omp.eu\/xmm2athena\/wp-json\/wp\/v2\/comments?post=5000"}],"version-history":[{"count":3,"href":"http:\/\/xmm-ssc.irap.omp.eu\/xmm2athena\/wp-json\/wp\/v2\/posts\/5000\/revisions"}],"predecessor-version":[{"id":5028,"href":"http:\/\/xmm-ssc.irap.omp.eu\/xmm2athena\/wp-json\/wp\/v2\/posts\/5000\/revisions\/5028"}],"wp:featuredmedia":[{"embeddable":true,"href":"http:\/\/xmm-ssc.irap.omp.eu\/xmm2athena\/wp-json\/wp\/v2\/media\/3893"}],"wp:attachment":[{"href":"http:\/\/xmm-ssc.irap.omp.eu\/xmm2athena\/wp-json\/wp\/v2\/media?parent=5000"}],"wp:term":[{"taxonomy":"category","embeddable":true,"href":"http:\/\/xmm-ssc.irap.omp.eu\/xmm2athena\/wp-json\/wp\/v2\/categories?post=5000"},{"taxonomy":"post_tag","embeddable":true,"href":"http:\/\/xmm-ssc.irap.omp.eu\/xmm2athena\/wp-json\/wp\/v2\/tags?post=5000"}],"curies":[{"name":"wp","href":"https:\/\/api.w.org\/{rel}","templated":true}]}}