{"id":3704,"date":"2022-10-05T10:00:00","date_gmt":"2022-10-05T10:00:00","guid":{"rendered":"http:\/\/xmm-ssc.irap.omp.eu\/xmm2athena\/?p=3704"},"modified":"2022-10-04T12:41:37","modified_gmt":"2022-10-04T12:41:37","slug":"los-planetas-con-otros-ojos-una-noche-conjunta-atenas-santander","status":"publish","type":"post","link":"http:\/\/xmm-ssc.irap.omp.eu\/xmm2athena\/es\/2022\/10\/05\/los-planetas-con-otros-ojos-una-noche-conjunta-atenas-santander\/","title":{"rendered":"\u00ab\u00a0Los planetas con otros ojos\u00a0\u00bb: Una noche conjunta Atenas-Santander"},"content":{"rendered":"\n<p class=\"has-black-color has-text-color\">AHEAD2020 en colaboraci\u00f3n con el Instituto de Astronom\u00eda, Astrof\u00edsica, Aplicaciones Espaciales y Teledetecci\u00f3n del Observatorio Nacional de Atenas (NOA) en Grecia y el Instituto de F\u00edsica de Cantabria (IFCA), un Centro Mixto del Consejo Superior de Investigaciones Cient\u00edficas (CSIC) y la Universidad de Cantabria (UC), en Espa\u00f1a, organiza una noche astron\u00f3mica internacional centrada en las diferentes emisiones los planetas de nuestro sistema solar.<\/p>\n\n\n\n<p class=\"has-black-color has-text-color\">En este evento conjunto, habr\u00e1 una charla introductoria sobre los planetas de nuestro sistema solar y la luz emitida por ellos en las diferentes longitudes de onda (\u00f3ptica, rayos X). Presentaremos nuestro nuevo v\u00eddeo #AHEAD2020 producido por el IFCA\/CSIC-UC en el que se muestra la imagen completamente diferente en la que emiten los planetas en rayos X y se explican los principales fen\u00f3menos que producen esta emisi\u00f3n.<\/p>\n\n\n\n<p class=\"has-black-color has-text-color\">Adem\u00e1s, realizaremos observaciones en directo (si el tiempo lo permite) de los planetas utilizando el hist\u00f3rico telescopio NEWALL del NOA con el apoyo del centro de visitantes de Penteli del NOA.<\/p>\n\n\n\n<p class=\"has-black-color has-text-color\">Al final de la noche, se celebrar\u00e1 un concurso online (Quizizz) con juegos de preguntas y respuestas relacionados con los fen\u00f3menos de altas energ\u00eda y, especialmente, con los planetas de nuestro sistema solar vistos en diferentes longitudes de onda.<\/p>\n\n\n\n<p class=\"has-black-color has-text-color\">Todo el mundo puede participar en este evento a trav\u00e9s del canal de Youtube:<\/p>\n\n\n\n<p><a href=\"https:\/\/www.youtube.com\/c\/Difusi\u00f3nIFCA\">https:\/\/www.youtube.com\/c\/Difusi\u00f3nIFCA<\/a><\/p>\n\n\n\n<p class=\"has-black-color has-text-color\">o directamente a trav\u00e9s del seminario web:<\/p>\n\n\n\n<p><a href=\"https:\/\/us06web.zoom.us\/j\/81088615718\">https:\/\/us06web.zoom.us\/j\/81088615718<\/a><\/p>\n","protected":false},"excerpt":{"rendered":"<p>AHEAD2020 en colaboraci\u00f3n con el Instituto de Astronom\u00eda, Astrof\u00edsica, Aplicaciones Espaciales y Teledetecci\u00f3n del Observatorio Nacional de Atenas (NOA) en Grecia y el Instituto de F\u00edsica de Cantabria (IFCA), un Centro Mixto del Consejo Superior de Investigaciones Cient\u00edficas (CSIC) y la Universidad de Cantabria (UC), en Espa\u00f1a, organiza una noche astron\u00f3mica internacional centrada en las&hellip; <br \/> <a class=\"read-more\" href=\"http:\/\/xmm-ssc.irap.omp.eu\/xmm2athena\/es\/2022\/10\/05\/los-planetas-con-otros-ojos-una-noche-conjunta-atenas-santander\/\">Lire la suite<\/a><\/p>\n","protected":false},"author":5,"featured_media":3705,"comment_status":"open","ping_status":"open","sticky":false,"template":"","format":"standard","meta":{"_eb_attr":"","_mi_skip_tracking":false,"_monsterinsights_sitenote_active":false,"_monsterinsights_sitenote_note":"","_monsterinsights_sitenote_category":0},"categories":[64],"tags":[],"_links":{"self":[{"href":"http:\/\/xmm-ssc.irap.omp.eu\/xmm2athena\/wp-json\/wp\/v2\/posts\/3704"}],"collection":[{"href":"http:\/\/xmm-ssc.irap.omp.eu\/xmm2athena\/wp-json\/wp\/v2\/posts"}],"about":[{"href":"http:\/\/xmm-ssc.irap.omp.eu\/xmm2athena\/wp-json\/wp\/v2\/types\/post"}],"author":[{"embeddable":true,"href":"http:\/\/xmm-ssc.irap.omp.eu\/xmm2athena\/wp-json\/wp\/v2\/users\/5"}],"replies":[{"embeddable":true,"href":"http:\/\/xmm-ssc.irap.omp.eu\/xmm2athena\/wp-json\/wp\/v2\/comments?post=3704"}],"version-history":[{"count":2,"href":"http:\/\/xmm-ssc.irap.omp.eu\/xmm2athena\/wp-json\/wp\/v2\/posts\/3704\/revisions"}],"predecessor-version":[{"id":3707,"href":"http:\/\/xmm-ssc.irap.omp.eu\/xmm2athena\/wp-json\/wp\/v2\/posts\/3704\/revisions\/3707"}],"wp:featuredmedia":[{"embeddable":true,"href":"http:\/\/xmm-ssc.irap.omp.eu\/xmm2athena\/wp-json\/wp\/v2\/media\/3705"}],"wp:attachment":[{"href":"http:\/\/xmm-ssc.irap.omp.eu\/xmm2athena\/wp-json\/wp\/v2\/media?parent=3704"}],"wp:term":[{"taxonomy":"category","embeddable":true,"href":"http:\/\/xmm-ssc.irap.omp.eu\/xmm2athena\/wp-json\/wp\/v2\/categories?post=3704"},{"taxonomy":"post_tag","embeddable":true,"href":"http:\/\/xmm-ssc.irap.omp.eu\/xmm2athena\/wp-json\/wp\/v2\/tags?post=3704"}],"curies":[{"name":"wp","href":"https:\/\/api.w.org\/{rel}","templated":true}]}}