{"id":2712,"date":"2022-03-17T13:16:53","date_gmt":"2022-03-17T13:16:53","guid":{"rendered":"http:\/\/xmm-ssc.irap.omp.eu\/xmm2athena\/?p=2712"},"modified":"2022-03-17T13:16:54","modified_gmt":"2022-03-17T13:16:54","slug":"erwan-quintin-a-lapero-conferences-astrophysique-avec-lassociation-universciel-2","status":"publish","type":"post","link":"http:\/\/xmm-ssc.irap.omp.eu\/xmm2athena\/fr\/2022\/03\/17\/erwan-quintin-a-lapero-conferences-astrophysique-avec-lassociation-universciel-2\/","title":{"rendered":"Erwan Quintin \u00e0 l&rsquo;ap\u00e9ro-conf\u00e9rences Astrophysique avec l\u2019association Universciel"},"content":{"rendered":"\n<p class=\"has-black-color has-text-color\">Initialement cr\u00e9\u00e9e en 2012, l\u2019association \u00ab\u00a0Universciel\u00a0\u00bb est compos\u00e9e d\u2019\u00e9tudiants en th\u00e8se au sein de l\u2019Institut de Recherche en Astrophysique et Plan\u00e9tologie (IRAP\/CNRS). La transmission de la culture scientifique est au c\u0153ur des projets de cette association, notamment autour des th\u00e8mes de l\u2019astronomie et de l\u2019astrophysique. <\/p>\n\n\n\n<div class=\"wp-block-media-text alignwide is-stacked-on-mobile\" style=\"grid-template-columns:62% auto\"><figure class=\"wp-block-media-text__media\"><img loading=\"lazy\" width=\"1024\" height=\"768\" src=\"http:\/\/xmm-ssc.irap.omp.eu\/xmm2athena\/wp-content\/uploads\/2022\/03\/18c56564-a44d-41d0-8f6d-0a95f72b111f-0-small-1024x768.jpg\" alt=\"\" class=\"wp-image-2702 size-full\" srcset=\"http:\/\/xmm-ssc.irap.omp.eu\/xmm2athena\/wp-content\/uploads\/2022\/03\/18c56564-a44d-41d0-8f6d-0a95f72b111f-0-small-1024x768.jpg 1024w, http:\/\/xmm-ssc.irap.omp.eu\/xmm2athena\/wp-content\/uploads\/2022\/03\/18c56564-a44d-41d0-8f6d-0a95f72b111f-0-small-300x225.jpg 300w, http:\/\/xmm-ssc.irap.omp.eu\/xmm2athena\/wp-content\/uploads\/2022\/03\/18c56564-a44d-41d0-8f6d-0a95f72b111f-0-small-768x576.jpg 768w, http:\/\/xmm-ssc.irap.omp.eu\/xmm2athena\/wp-content\/uploads\/2022\/03\/18c56564-a44d-41d0-8f6d-0a95f72b111f-0-small-1536x1152.jpg 1536w, http:\/\/xmm-ssc.irap.omp.eu\/xmm2athena\/wp-content\/uploads\/2022\/03\/18c56564-a44d-41d0-8f6d-0a95f72b111f-0-small-1440x1080.jpg 1440w, http:\/\/xmm-ssc.irap.omp.eu\/xmm2athena\/wp-content\/uploads\/2022\/03\/18c56564-a44d-41d0-8f6d-0a95f72b111f-0-small.jpg 1672w\" sizes=\"(max-width: 1024px) 100vw, 1024px\" \/><\/figure><div class=\"wp-block-media-text__content\">\n<p class=\"has-large-font-size\"><\/p>\n<\/div><\/div>\n\n\n\n<p class=\"has-black-color has-text-color\">Cette semaine, Universciel vous propose de partager le travail d&rsquo;Erwan QUINTIN, doctorant impliqu\u00e9 dans le projet XMM2ATHENA, au travers d&rsquo;une pr\u00e9sentation adapt\u00e9e au grand public, suivie d&rsquo;une discussion informelle, au sein du Caf\u00e9 L\u2019Astronef. <\/p>\n\n\n\n<p>Le 12 avril, ce sera au tour d&rsquo;Hugo TRANIN de pr\u00e9senter au grand public ses travaux li\u00e9s au projet XMM2ATHENA.<\/p>\n\n\n\n<p>Plus d&rsquo;information sur le site de l&rsquo;<a href=\"http:\/\/cafe-lastronef.fr\/programmation\/apero-conferences-astrophysique-avec-lassociation-universciel\/\" target=\"_blank\" rel=\"noreferrer noopener\">ASTRONEF<\/a><\/p>\n","protected":false},"excerpt":{"rendered":"<p>Initialement cr\u00e9\u00e9e en 2012, l\u2019association \u00ab\u00a0Universciel\u00a0\u00bb est compos\u00e9e d\u2019\u00e9tudiants en th\u00e8se au sein de l\u2019Institut de Recherche en Astrophysique et Plan\u00e9tologie (IRAP\/CNRS). La transmission de la culture scientifique est au c\u0153ur des projets de cette association, notamment autour des th\u00e8mes de l\u2019astronomie et de l\u2019astrophysique. Cette semaine, Universciel vous propose de partager le travail d&rsquo;Erwan&hellip; <br \/> <a class=\"read-more\" href=\"http:\/\/xmm-ssc.irap.omp.eu\/xmm2athena\/fr\/2022\/03\/17\/erwan-quintin-a-lapero-conferences-astrophysique-avec-lassociation-universciel-2\/\">Lire la suite<\/a><\/p>\n","protected":false},"author":2,"featured_media":2695,"comment_status":"open","ping_status":"open","sticky":false,"template":"","format":"standard","meta":{"_eb_attr":"","_mi_skip_tracking":false,"_monsterinsights_sitenote_active":false,"_monsterinsights_sitenote_note":"","_monsterinsights_sitenote_category":0},"categories":[31],"tags":[],"_links":{"self":[{"href":"http:\/\/xmm-ssc.irap.omp.eu\/xmm2athena\/wp-json\/wp\/v2\/posts\/2712"}],"collection":[{"href":"http:\/\/xmm-ssc.irap.omp.eu\/xmm2athena\/wp-json\/wp\/v2\/posts"}],"about":[{"href":"http:\/\/xmm-ssc.irap.omp.eu\/xmm2athena\/wp-json\/wp\/v2\/types\/post"}],"author":[{"embeddable":true,"href":"http:\/\/xmm-ssc.irap.omp.eu\/xmm2athena\/wp-json\/wp\/v2\/users\/2"}],"replies":[{"embeddable":true,"href":"http:\/\/xmm-ssc.irap.omp.eu\/xmm2athena\/wp-json\/wp\/v2\/comments?post=2712"}],"version-history":[{"count":1,"href":"http:\/\/xmm-ssc.irap.omp.eu\/xmm2athena\/wp-json\/wp\/v2\/posts\/2712\/revisions"}],"predecessor-version":[{"id":2713,"href":"http:\/\/xmm-ssc.irap.omp.eu\/xmm2athena\/wp-json\/wp\/v2\/posts\/2712\/revisions\/2713"}],"wp:featuredmedia":[{"embeddable":true,"href":"http:\/\/xmm-ssc.irap.omp.eu\/xmm2athena\/wp-json\/wp\/v2\/media\/2695"}],"wp:attachment":[{"href":"http:\/\/xmm-ssc.irap.omp.eu\/xmm2athena\/wp-json\/wp\/v2\/media?parent=2712"}],"wp:term":[{"taxonomy":"category","embeddable":true,"href":"http:\/\/xmm-ssc.irap.omp.eu\/xmm2athena\/wp-json\/wp\/v2\/categories?post=2712"},{"taxonomy":"post_tag","embeddable":true,"href":"http:\/\/xmm-ssc.irap.omp.eu\/xmm2athena\/wp-json\/wp\/v2\/tags?post=2712"}],"curies":[{"name":"wp","href":"https:\/\/api.w.org\/{rel}","templated":true}]}}