{"id":2706,"date":"2022-03-17T11:10:15","date_gmt":"2022-03-17T11:10:15","guid":{"rendered":"http:\/\/xmm-ssc.irap.omp.eu\/xmm2athena\/?p=2706"},"modified":"2022-03-17T11:10:16","modified_gmt":"2022-03-17T11:10:16","slug":"erwan-quintin-en-la-apero-conferencia-de-astrofisica-con-la-asociacion-universciel","status":"publish","type":"post","link":"http:\/\/xmm-ssc.irap.omp.eu\/xmm2athena\/es\/2022\/03\/17\/erwan-quintin-en-la-apero-conferencia-de-astrofisica-con-la-asociacion-universciel\/","title":{"rendered":"Erwan Quintin en la Ap\u00e9ro-Conferencia de Astrof\u00edsica con la asociaci\u00f3n Universciel"},"content":{"rendered":"\n<p><span class=\"has-inline-color has-black-color\">Creada inicialmente en 2012, la asociaci\u00f3n \u00ab\u00a0Universciel\u00a0\u00bb est\u00e1 compuesta por estudiantes en tesis dentro del Instituto de Investigaci\u00f3n en Astrof\u00edsica y Planetolog\u00eda (IRAP\/CNRS). La transmisi\u00f3n de la cultura cient\u00edfica est\u00e1 en el centro de los proyectos de esta asociaci\u00f3n, especialmente en torno a los temas de la astronom\u00eda y la astrof\u00edsica.<\/span><\/p>\n\n\n\n<figure class=\"wp-block-image size-large is-style-default\"><img loading=\"lazy\" width=\"1024\" height=\"768\" src=\"http:\/\/xmm-ssc.irap.omp.eu\/xmm2athena\/wp-content\/uploads\/2022\/03\/18c56564-a44d-41d0-8f6d-0a95f72b111f-0-small-1024x768-1.jpg\" alt=\"\" class=\"wp-image-2708\" srcset=\"http:\/\/xmm-ssc.irap.omp.eu\/xmm2athena\/wp-content\/uploads\/2022\/03\/18c56564-a44d-41d0-8f6d-0a95f72b111f-0-small-1024x768-1.jpg 1024w, http:\/\/xmm-ssc.irap.omp.eu\/xmm2athena\/wp-content\/uploads\/2022\/03\/18c56564-a44d-41d0-8f6d-0a95f72b111f-0-small-1024x768-1-300x225.jpg 300w, http:\/\/xmm-ssc.irap.omp.eu\/xmm2athena\/wp-content\/uploads\/2022\/03\/18c56564-a44d-41d0-8f6d-0a95f72b111f-0-small-1024x768-1-768x576.jpg 768w\" sizes=\"(max-width: 1024px) 100vw, 1024px\" \/><\/figure>\n\n\n\n<p><span class=\"has-inline-color has-black-color\">Esta semana, Universciel le invita a compartir el trabajo de Erwan QUINTIN, estudiante de doctorado que participa en el proyecto XMM2ATHENA, a trav\u00e9s de una presentaci\u00f3n adaptada al p\u00fablico en general, seguida de un debate informal, en el Caf\u00e9 L&rsquo;Astronef.<\/span><\/p>\n\n\n\n<p><span class=\"has-inline-color has-black-color\">El 12 de abril, ser\u00e1 el turno de Hugo TRANIN de presentar al p\u00fablico su trabajo relacionado con el proyecto XMM2ATHENA.<\/span><\/p>\n\n\n\n<p><span class=\"has-inline-color has-black-color\">M\u00e1s informaci\u00f3n en la web de <a rel=\"noreferrer noopener\" href=\"http:\/\/cafe-lastronef.fr\/programmation\/apero-conferences-astrophysique-avec-lassociation-universciel\/\" target=\"_blank\">ASTRONEF<\/a><\/span><\/p>\n","protected":false},"excerpt":{"rendered":"<p>Creada inicialmente en 2012, la asociaci\u00f3n \u00ab\u00a0Universciel\u00a0\u00bb est\u00e1 compuesta por estudiantes en tesis dentro del Instituto de Investigaci\u00f3n en Astrof\u00edsica y Planetolog\u00eda (IRAP\/CNRS). La transmisi\u00f3n de la cultura cient\u00edfica est\u00e1 en el centro de los proyectos de esta asociaci\u00f3n, especialmente en torno a los temas de la astronom\u00eda y la astrof\u00edsica. Esta semana, Universciel le&hellip; <br \/> <a class=\"read-more\" href=\"http:\/\/xmm-ssc.irap.omp.eu\/xmm2athena\/es\/2022\/03\/17\/erwan-quintin-en-la-apero-conferencia-de-astrofisica-con-la-asociacion-universciel\/\">Lire la suite<\/a><\/p>\n","protected":false},"author":5,"featured_media":2707,"comment_status":"open","ping_status":"open","sticky":false,"template":"","format":"standard","meta":{"_eb_attr":"","_mi_skip_tracking":false,"_monsterinsights_sitenote_active":false,"_monsterinsights_sitenote_note":"","_monsterinsights_sitenote_category":0},"categories":[64],"tags":[],"_links":{"self":[{"href":"http:\/\/xmm-ssc.irap.omp.eu\/xmm2athena\/wp-json\/wp\/v2\/posts\/2706"}],"collection":[{"href":"http:\/\/xmm-ssc.irap.omp.eu\/xmm2athena\/wp-json\/wp\/v2\/posts"}],"about":[{"href":"http:\/\/xmm-ssc.irap.omp.eu\/xmm2athena\/wp-json\/wp\/v2\/types\/post"}],"author":[{"embeddable":true,"href":"http:\/\/xmm-ssc.irap.omp.eu\/xmm2athena\/wp-json\/wp\/v2\/users\/5"}],"replies":[{"embeddable":true,"href":"http:\/\/xmm-ssc.irap.omp.eu\/xmm2athena\/wp-json\/wp\/v2\/comments?post=2706"}],"version-history":[{"count":2,"href":"http:\/\/xmm-ssc.irap.omp.eu\/xmm2athena\/wp-json\/wp\/v2\/posts\/2706\/revisions"}],"predecessor-version":[{"id":2710,"href":"http:\/\/xmm-ssc.irap.omp.eu\/xmm2athena\/wp-json\/wp\/v2\/posts\/2706\/revisions\/2710"}],"wp:featuredmedia":[{"embeddable":true,"href":"http:\/\/xmm-ssc.irap.omp.eu\/xmm2athena\/wp-json\/wp\/v2\/media\/2707"}],"wp:attachment":[{"href":"http:\/\/xmm-ssc.irap.omp.eu\/xmm2athena\/wp-json\/wp\/v2\/media?parent=2706"}],"wp:term":[{"taxonomy":"category","embeddable":true,"href":"http:\/\/xmm-ssc.irap.omp.eu\/xmm2athena\/wp-json\/wp\/v2\/categories?post=2706"},{"taxonomy":"post_tag","embeddable":true,"href":"http:\/\/xmm-ssc.irap.omp.eu\/xmm2athena\/wp-json\/wp\/v2\/tags?post=2706"}],"curies":[{"name":"wp","href":"https:\/\/api.w.org\/{rel}","templated":true}]}}