{"id":2619,"date":"2022-03-08T09:54:50","date_gmt":"2022-03-08T09:54:50","guid":{"rendered":"http:\/\/xmm-ssc.irap.omp.eu\/xmm2athena\/?p=2619"},"modified":"2022-03-08T10:50:22","modified_gmt":"2022-03-08T10:50:22","slug":"8-de-marzo-de-2022-dia-internacional-de-la-mujer-igualdad-de-genero-hoy-para-un-manana-sostenible","status":"publish","type":"post","link":"http:\/\/xmm-ssc.irap.omp.eu\/xmm2athena\/es\/2022\/03\/08\/8-de-marzo-de-2022-dia-internacional-de-la-mujer-igualdad-de-genero-hoy-para-un-manana-sostenible\/","title":{"rendered":"8 de Marzo de 2022, D\u00eda Internacional de la Mujer: \u00ab\u00a0Igualdad de g\u00e9nero hoy para un ma\u00f1ana sostenible\u00a0\u00bb"},"content":{"rendered":"\n<p><span class=\"has-inline-color has-black-color\">Potenciar la igualdad de g\u00e9nero en el contexto de la crisis clim\u00e1tica y la reducci\u00f3n del riesgo de desastres es uno de los mayores desaf\u00edos mundiales del siglo XXI.<\/span><\/p>\n\n\n\n<p><span class=\"has-inline-color has-black-color\">Cada vez es m\u00e1s evidente que las mujeres son m\u00e1s vulnerables al impacto del cambio clim\u00e1tico que los hombres, ya que constituyen la mayor\u00eda de la poblaci\u00f3n pobre del mundo y son m\u00e1s dependientes de los recursos naturales afectados por esta amenaza medioambiental.<\/span><\/p>\n\n\n\n<p><span class=\"has-inline-color has-black-color\">Al mismo tiempo, las mujeres y las ni\u00f1as son l\u00edderes eficaces y poderosas que impulsan el cambio para lograr la mitigaci\u00f3n y la adaptaci\u00f3n clim\u00e1ticas. Se implican en iniciativas sostenibles en todo el mundo y su participaci\u00f3n y liderazgo generan una acci\u00f3n por el clima m\u00e1s eficaz.<\/span><\/p>\n\n\n\n<p><span class=\"has-inline-color has-black-color\">Para lograr el desarrollo sostenible y una mayor igualdad de g\u00e9nero es esencial seguir explorando las oportunidades, as\u00ed como las limitaciones, para permitir que las mujeres y las ni\u00f1as tengan voz y participen en igualdad en la toma de decisiones relacionadas con el cambio clim\u00e1tico. Sin igualdad de g\u00e9nero hoy, el futuro sostenible e igualitario seguir\u00e1 estando fuera de nuestro alcance.<\/span><\/p>\n\n\n\n<p><span class=\"has-inline-color has-black-color\">Por ello, la celebraci\u00f3n del D\u00eda Internacional de la Mujer de las Naciones Unidas es \u201c<a href=\"https:\/\/www.unwomen.org\/es\/noticias\/anuncio\/2021\/12\/dia-internacional-de-la-mujer-2022-igualdad-de-genero-hoy-para-un-manana-sostenible#:~:text=El%20tema%20del%20D%C3%ADa%20Internacional,para%20construir%20un%20futuro%20m%C3%A1s\">Igualdad de g\u00e9nero hoy para un ma\u00f1ana sostenible<\/a>\u201d.<\/span><\/p>\n\n\n\n<p><span class=\"has-inline-color has-black-color\">Fuente: <\/span><a href=\"https:\/\/www.un.org\/es\/observances\/womens-day\">https:\/\/www.un.org\/es\/observances\/womens-day<\/a><\/p>\n","protected":false},"excerpt":{"rendered":"<p>Potenciar la igualdad de g\u00e9nero en el contexto de la crisis clim\u00e1tica y la reducci\u00f3n del riesgo de desastres es uno de los mayores desaf\u00edos mundiales del siglo XXI. Cada vez es m\u00e1s evidente que las mujeres son m\u00e1s vulnerables al impacto del cambio clim\u00e1tico que los hombres, ya que constituyen la mayor\u00eda de la&hellip; <br \/> <a class=\"read-more\" href=\"http:\/\/xmm-ssc.irap.omp.eu\/xmm2athena\/es\/2022\/03\/08\/8-de-marzo-de-2022-dia-internacional-de-la-mujer-igualdad-de-genero-hoy-para-un-manana-sostenible\/\">Lire la suite<\/a><\/p>\n","protected":false},"author":5,"featured_media":2622,"comment_status":"open","ping_status":"open","sticky":false,"template":"","format":"standard","meta":{"_eb_attr":"","_mi_skip_tracking":false,"_monsterinsights_sitenote_active":false,"_monsterinsights_sitenote_note":"","_monsterinsights_sitenote_category":0},"categories":[64],"tags":[],"_links":{"self":[{"href":"http:\/\/xmm-ssc.irap.omp.eu\/xmm2athena\/wp-json\/wp\/v2\/posts\/2619"}],"collection":[{"href":"http:\/\/xmm-ssc.irap.omp.eu\/xmm2athena\/wp-json\/wp\/v2\/posts"}],"about":[{"href":"http:\/\/xmm-ssc.irap.omp.eu\/xmm2athena\/wp-json\/wp\/v2\/types\/post"}],"author":[{"embeddable":true,"href":"http:\/\/xmm-ssc.irap.omp.eu\/xmm2athena\/wp-json\/wp\/v2\/users\/5"}],"replies":[{"embeddable":true,"href":"http:\/\/xmm-ssc.irap.omp.eu\/xmm2athena\/wp-json\/wp\/v2\/comments?post=2619"}],"version-history":[{"count":3,"href":"http:\/\/xmm-ssc.irap.omp.eu\/xmm2athena\/wp-json\/wp\/v2\/posts\/2619\/revisions"}],"predecessor-version":[{"id":2627,"href":"http:\/\/xmm-ssc.irap.omp.eu\/xmm2athena\/wp-json\/wp\/v2\/posts\/2619\/revisions\/2627"}],"wp:featuredmedia":[{"embeddable":true,"href":"http:\/\/xmm-ssc.irap.omp.eu\/xmm2athena\/wp-json\/wp\/v2\/media\/2622"}],"wp:attachment":[{"href":"http:\/\/xmm-ssc.irap.omp.eu\/xmm2athena\/wp-json\/wp\/v2\/media?parent=2619"}],"wp:term":[{"taxonomy":"category","embeddable":true,"href":"http:\/\/xmm-ssc.irap.omp.eu\/xmm2athena\/wp-json\/wp\/v2\/categories?post=2619"},{"taxonomy":"post_tag","embeddable":true,"href":"http:\/\/xmm-ssc.irap.omp.eu\/xmm2athena\/wp-json\/wp\/v2\/tags?post=2619"}],"curies":[{"name":"wp","href":"https:\/\/api.w.org\/{rel}","templated":true}]}}