{"id":2123,"date":"2022-01-11T11:25:48","date_gmt":"2022-01-11T11:25:48","guid":{"rendered":"http:\/\/xmm-ssc.irap.omp.eu\/xmm2athena\/?p=2123"},"modified":"2022-01-11T11:25:49","modified_gmt":"2022-01-11T11:25:49","slug":"21-22-april-2021-xmm2athena-auftaktsitzung","status":"publish","type":"post","link":"http:\/\/xmm-ssc.irap.omp.eu\/xmm2athena\/de\/2022\/01\/11\/21-22-april-2021-xmm2athena-auftaktsitzung\/","title":{"rendered":"21.-22. April 2021: XMM2ATHENA-Auftaktsitzung"},"content":{"rendered":"\n<p><span class=\"has-inline-color has-black-color\">Das XMM2ATHENA-Auftakttreffen findet am 21. und 22. April von 10 bis 13 Uhr (CEST) statt.<\/span><\/p>\n\n\n\n<figure class=\"wp-block-image size-large\"><img loading=\"lazy\" width=\"1024\" height=\"507\" src=\"http:\/\/xmm-ssc.irap.omp.eu\/xmm2athena\/wp-content\/uploads\/2021\/04\/image-article-kick-off-1024x507.png\" alt=\"\" class=\"wp-image-211\" srcset=\"http:\/\/xmm-ssc.irap.omp.eu\/xmm2athena\/wp-content\/uploads\/2021\/04\/image-article-kick-off-1024x507.png 1024w, http:\/\/xmm-ssc.irap.omp.eu\/xmm2athena\/wp-content\/uploads\/2021\/04\/image-article-kick-off-300x149.png 300w, http:\/\/xmm-ssc.irap.omp.eu\/xmm2athena\/wp-content\/uploads\/2021\/04\/image-article-kick-off-768x380.png 768w, http:\/\/xmm-ssc.irap.omp.eu\/xmm2athena\/wp-content\/uploads\/2021\/04\/image-article-kick-off.png 1036w\" sizes=\"(max-width: 1024px) 100vw, 1024px\" \/><\/figure>\n\n\n\n<p><strong><span class=\"has-inline-color has-black-color\">Tagesordnung des XMM2ATHENA-Auftakttreffens<\/span><\/strong><\/p>\n\n\n\n<h5><span class=\"has-inline-color has-black-color\">Mittwoch, 21. April 2021<\/span><\/h5>\n\n\n\n<p><em><span class=\"has-inline-color has-black-color\">Vorsitz: Francisco Carrera<\/span><\/em><\/p>\n\n\n\n<p><span class=\"has-inline-color has-black-color\">10:00 &#8211; Begr\u00fc\u00dfung<br>10:10 &#8211; \u00dcberblick \u00fcber XMM2ATHENA (Natalie Webb, 20 min)<br>10:45 &#8211; Allgemeine Einf\u00fchrung (Diana Mjaschkova-Pascual, 30 min)<br>11:35 &#8211; Gruppenfoto<br>11:40 &#8211; (Kaffee-)Pause<br>12:00 &#8211; Arbeitspaket 1: Verwaltung (Zo\u00e9 Massida, 15 min)<br>12:20 &#8211; Arbeitspaket 2: Multi-Wellenl\u00e4ngen\/Messenger-Gegenst\u00fccke (Ada Nebot Gomez-Moran, 15 min)<br>12:40 &#8211; Arbeitspaket 3: Empfindlichkeitssch\u00e4tzer (Natalie Webb\/Mickael Coriat, 15 min)<br>13:00 &#8211; Ende des ersten Tages<\/span><br><\/p>\n\n\n\n<h5><span class=\"has-inline-color has-black-color\">Donnerstag, 22. April 2021<br><\/span><\/h5>\n\n\n\n<p><em><span class=\"has-inline-color has-black-color\">Vorsitz: Mike Watson<\/span><\/em><\/p>\n\n\n\n<p><span class=\"has-inline-color has-black-color\">10:00 &#8211; Arbeitspaket 4: Erweiterter Stacked-Katalog (Axel Schwope, 15 min)<br>10:20 &#8211; Arbeitspaket 5: Variabilit\u00e4t (Natalie Webb, 15 min)<br>10:40 &#8211; Arbeitspaket 6: Spektren (Francisco Carrera, 15 min)<br>11:00 &#8211; Arbeitspaket 7: Klassifizierung optischer\/UV-Quellen (Mat Page, 15 min)<br>11:20 &#8211; Arbeitspaket 8: Klassifizierung von R\u00f6ntgenquellen (Angel Ruiz, 15 min)<br>11:40 &#8211; (Kaffee-)Pause<\/span><\/p>\n\n\n\n<p><em><span class=\"has-inline-color has-black-color\">Vorsitz: Axel Schwope<\/span><\/em><\/p>\n\n\n\n<p><span class=\"has-inline-color has-black-color\">12:00 &#8211; Arbeitspaket 9: Wissenschaftliche Validierung (Mike Watson, 15 min)<br>12:20 &#8211; Arbeitspaket 10: Kommunikation (Maite Ceballos, 15 min)<br>12:40 &#8211; Diskussion und Abschluss (Natalie Webb\/Francisco Carrera)<br>13:00 &#8211; Ende der Sitzung<\/span><\/p>\n\n\n\n<p><span class=\"has-inline-color has-black-color\">Hinweis: Die Zeiten in Klammern geben die Dauer des Vortrags an, um Zeit f\u00fcr Fragen zu lassen.<\/span><\/p>\n\n\n\n<p><span class=\"has-inline-color has-black-color\">Alle Zeiten sind mitteleurop\u00e4ische Sommerzeit (CEST)<\/span><\/p>\n","protected":false},"excerpt":{"rendered":"<p>Das XMM2ATHENA-Auftakttreffen findet am 21. und 22. April von 10 bis 13 Uhr (CEST) statt. Tagesordnung des XMM2ATHENA-Auftakttreffens Mittwoch, 21. April 2021 Vorsitz: Francisco Carrera 10:00 &#8211; Begr\u00fc\u00dfung10:10 &#8211; \u00dcberblick \u00fcber XMM2ATHENA (Natalie Webb, 20 min)10:45 &#8211; Allgemeine Einf\u00fchrung (Diana Mjaschkova-Pascual, 30 min)11:35 &#8211; Gruppenfoto11:40 &#8211; (Kaffee-)Pause12:00 &#8211; Arbeitspaket 1: Verwaltung (Zo\u00e9 Massida, 15 min)12:20&hellip; <br \/> <a class=\"read-more\" href=\"http:\/\/xmm-ssc.irap.omp.eu\/xmm2athena\/de\/2022\/01\/11\/21-22-april-2021-xmm2athena-auftaktsitzung\/\">Lire la suite<\/a><\/p>\n","protected":false},"author":5,"featured_media":211,"comment_status":"open","ping_status":"open","sticky":false,"template":"","format":"standard","meta":{"_eb_attr":"","_mi_skip_tracking":false,"_monsterinsights_sitenote_active":false,"_monsterinsights_sitenote_note":"","_monsterinsights_sitenote_category":0},"categories":[88],"tags":[],"_links":{"self":[{"href":"http:\/\/xmm-ssc.irap.omp.eu\/xmm2athena\/wp-json\/wp\/v2\/posts\/2123"}],"collection":[{"href":"http:\/\/xmm-ssc.irap.omp.eu\/xmm2athena\/wp-json\/wp\/v2\/posts"}],"about":[{"href":"http:\/\/xmm-ssc.irap.omp.eu\/xmm2athena\/wp-json\/wp\/v2\/types\/post"}],"author":[{"embeddable":true,"href":"http:\/\/xmm-ssc.irap.omp.eu\/xmm2athena\/wp-json\/wp\/v2\/users\/5"}],"replies":[{"embeddable":true,"href":"http:\/\/xmm-ssc.irap.omp.eu\/xmm2athena\/wp-json\/wp\/v2\/comments?post=2123"}],"version-history":[{"count":3,"href":"http:\/\/xmm-ssc.irap.omp.eu\/xmm2athena\/wp-json\/wp\/v2\/posts\/2123\/revisions"}],"predecessor-version":[{"id":2131,"href":"http:\/\/xmm-ssc.irap.omp.eu\/xmm2athena\/wp-json\/wp\/v2\/posts\/2123\/revisions\/2131"}],"wp:featuredmedia":[{"embeddable":true,"href":"http:\/\/xmm-ssc.irap.omp.eu\/xmm2athena\/wp-json\/wp\/v2\/media\/211"}],"wp:attachment":[{"href":"http:\/\/xmm-ssc.irap.omp.eu\/xmm2athena\/wp-json\/wp\/v2\/media?parent=2123"}],"wp:term":[{"taxonomy":"category","embeddable":true,"href":"http:\/\/xmm-ssc.irap.omp.eu\/xmm2athena\/wp-json\/wp\/v2\/categories?post=2123"},{"taxonomy":"post_tag","embeddable":true,"href":"http:\/\/xmm-ssc.irap.omp.eu\/xmm2athena\/wp-json\/wp\/v2\/tags?post=2123"}],"curies":[{"name":"wp","href":"https:\/\/api.w.org\/{rel}","templated":true}]}}